{"id":1412,"date":"2026-03-15T07:16:45","date_gmt":"2026-03-15T06:16:45","guid":{"rendered":"https:\/\/emergenceislam.net\/?p=1412"},"modified":"2026-03-15T07:17:43","modified_gmt":"2026-03-15T06:17:43","slug":"emission-speciale-les-cles-du-jeune","status":"publish","type":"post","link":"https:\/\/emergenceislam.net\/index.php\/2026\/03\/15\/emission-speciale-les-cles-du-jeune\/","title":{"rendered":"\u00c9mission Sp\u00e9ciale : Les Cl\u00e9s du Je\u00fbne"},"content":{"rendered":"\n<p>Le Ramadan, un mois de spiritualit\u00e9 et de r\u00e9flexion pour les musulmans, est souvent compar\u00e9 au car\u00eame chr\u00e9tien. Mais sont-ils vraiment similaires ?<br>D&rsquo;un c\u00f4t\u00e9, le Car\u00eame est une p\u00e9riode chr\u00e9tienne de 40 jours qui pr\u00e9pare \u00e0 la f\u00eate de P\u00e2ques. C\u2019est un temps de pri\u00e8re, de p\u00e9nitence et de conversion qui prend la forme d&rsquo;une r\u00e9duction ou d&rsquo;une privation de certains aliments.<br>De l&rsquo;autre, le Je\u00fbne du Ramadan est un pilier de l&rsquo;islam qui dure 29 ou 30 jours. C&rsquo;est un temps d&rsquo;abstinence totale de nourriture et de boisson, de l&rsquo;aube au coucher du soleil. C&rsquo;est un mois de d\u00e9votion intense marqu\u00e9 par la Sal\u00e2t (pri\u00e8re), la charit\u00e9 et la purification.<br>Mais au-del\u00e0 des chiffres, il y a des points fondamentaux. Le Ramadan est une exp\u00e9rience unique pour se rapprocher de Dieu et renforcer sa foi par la Sal\u00e2t et la m\u00e9ditation. C&rsquo;est un moment de partage, de g\u00e9n\u00e9rosit\u00e9 et de solidarit\u00e9 avec les plus d\u00e9munis.<br>Le terme &lsquo;bon car\u00eame&rsquo; est souvent entendu, mais qu&rsquo;est-ce que cela signifie vraiment ? Est-ce simplement suivre des r\u00e8gles ? L&rsquo;islam nous enseigne que le v\u00e9ritable je\u00fbne, indissociable de la Sal\u00e2t, c&rsquo;est de se d\u00e9barrasser des mauvaises habitudes, de contr\u00f4ler ses d\u00e9sirs et de se purifier l&rsquo;\u00e2me pour devenir meilleur.<br>Le Ramadan est un mois de transformation, de pardon et de r\u00e9conciliation. Profitons de ce moment sacr\u00e9 pour nous am\u00e9liorer et pour partager les valeurs de \u00c9mergencelislam.net avec le monde entier.\u00a0\u00bb<\/p>\n\n\n\n<figure class=\"wp-block-embed is-type-video is-provider-youtube wp-block-embed-youtube wp-embed-aspect-16-9 wp-has-aspect-ratio\"><div class=\"wp-block-embed__wrapper\">\n<iframe loading=\"lazy\" title=\"\u00c9mission Sp\u00e9ciale : Les Cl\u00e9s du Je\u00fbne&quot;Le Ramadan,  \" width=\"800\" height=\"450\" src=\"https:\/\/www.youtube.com\/embed\/-BUeSAKM9r0?feature=oembed\" frameborder=\"0\" allow=\"accelerometer; autoplay; clipboard-write; encrypted-media; gyroscope; picture-in-picture; web-share\" referrerpolicy=\"strict-origin-when-cross-origin\" allowfullscreen><\/iframe>\n<\/div><\/figure>\n\n\n\n<p><\/p>\n<!-- AddThis Advanced Settings generic via filter on the_content --><!-- AddThis Share Buttons generic via filter on the_content -->","protected":false},"excerpt":{"rendered":"<p>Le Ramadan, un mois de spiritualit\u00e9 et de r\u00e9flexion pour les musulmans, est souvent compar\u00e9 au car\u00eame chr\u00e9tien. Mais sont-ils<!-- AddThis Advanced Settings generic via filter on get_the_excerpt --><!-- AddThis Share Buttons generic via filter on get_the_excerpt --><\/p>\n","protected":false},"author":1,"featured_media":1413,"comment_status":"open","ping_status":"open","sticky":false,"template":"","format":"standard","meta":{"colormag_page_container_layout":"default_layout","colormag_page_sidebar_layout":"default_layout","spay_email":"","footnotes":""},"categories":[44],"tags":[],"class_list":["post-1412","post","type-post","status-publish","format-standard","has-post-thumbnail","hentry","category-emergence-islam-tv"],"jetpack_featured_media_url":"https:\/\/emergenceislam.net\/wp-content\/uploads\/2026\/03\/Screenshot_20260315-061104.jpg","_links":{"self":[{"href":"https:\/\/emergenceislam.net\/index.php\/wp-json\/wp\/v2\/posts\/1412","targetHints":{"allow":["GET"]}}],"collection":[{"href":"https:\/\/emergenceislam.net\/index.php\/wp-json\/wp\/v2\/posts"}],"about":[{"href":"https:\/\/emergenceislam.net\/index.php\/wp-json\/wp\/v2\/types\/post"}],"author":[{"embeddable":true,"href":"https:\/\/emergenceislam.net\/index.php\/wp-json\/wp\/v2\/users\/1"}],"replies":[{"embeddable":true,"href":"https:\/\/emergenceislam.net\/index.php\/wp-json\/wp\/v2\/comments?post=1412"}],"version-history":[{"count":1,"href":"https:\/\/emergenceislam.net\/index.php\/wp-json\/wp\/v2\/posts\/1412\/revisions"}],"predecessor-version":[{"id":1414,"href":"https:\/\/emergenceislam.net\/index.php\/wp-json\/wp\/v2\/posts\/1412\/revisions\/1414"}],"wp:featuredmedia":[{"embeddable":true,"href":"https:\/\/emergenceislam.net\/index.php\/wp-json\/wp\/v2\/media\/1413"}],"wp:attachment":[{"href":"https:\/\/emergenceislam.net\/index.php\/wp-json\/wp\/v2\/media?parent=1412"}],"wp:term":[{"taxonomy":"category","embeddable":true,"href":"https:\/\/emergenceislam.net\/index.php\/wp-json\/wp\/v2\/categories?post=1412"},{"taxonomy":"post_tag","embeddable":true,"href":"https:\/\/emergenceislam.net\/index.php\/wp-json\/wp\/v2\/tags?post=1412"}],"curies":[{"name":"wp","href":"https:\/\/api.w.org\/{rel}","templated":true}]}}