{"id":1333,"date":"2022-09-20T10:42:18","date_gmt":"2022-09-20T08:42:18","guid":{"rendered":"https:\/\/emergenceislam.net\/?p=1333"},"modified":"2022-09-20T10:49:21","modified_gmt":"2022-09-20T08:49:21","slug":"la-commune-de-ouagadougou-reconnaissante-envers-el-hadj-idrissa-diendere-pdg-de-letablissement-diendere-idrissa-et-freres-edif-international-pour-avoir-goudronne-gracieusement-une-rue-a-marcoussi","status":"publish","type":"post","link":"https:\/\/emergenceislam.net\/index.php\/2022\/09\/20\/la-commune-de-ouagadougou-reconnaissante-envers-el-hadj-idrissa-diendere-pdg-de-letablissement-diendere-idrissa-et-freres-edif-international-pour-avoir-goudronne-gracieusement-une-rue-a-marcoussi\/","title":{"rendered":"La commune de Ouagadougou reconnaissante envers El hadj Idrissa DIEND\u00c9R\u00c9, PDG de l&rsquo;\u00c9tablissement Diend\u00e9r\u00e9 Idrissa et Fr\u00e8res (EDIF International) pour avoir Goudronn\u00e9 gracieusement une rue \u00e0 Marcoussis dans l&rsquo;arrondissement N\u00b09"},"content":{"rendered":"\n<figure class=\"wp-block-embed is-type-video is-provider-youtube wp-block-embed-youtube wp-embed-aspect-16-9 wp-has-aspect-ratio\"><div class=\"wp-block-embed__wrapper\">\n<iframe loading=\"lazy\" title=\"El hadj Idrissa DIEND\u00c9R\u00c9, PDG de l&#039;\u00c9tablissement Diend\u00e9r\u00e9 Idrissa et Fr\u00e8res (EDIF International)\" width=\"800\" height=\"450\" src=\"https:\/\/www.youtube.com\/embed\/nvBOvBSpHao?feature=oembed\" frameborder=\"0\" allow=\"accelerometer; autoplay; clipboard-write; encrypted-media; gyroscope; picture-in-picture\" allowfullscreen><\/iframe>\n<\/div><\/figure>\n\n\n\n<figure class=\"wp-block-image size-large\"><img loading=\"lazy\" decoding=\"async\" width=\"1024\" height=\"570\" src=\"http:\/\/emergenceislam.net\/wp-content\/uploads\/2022\/09\/IMG_20220918_093317-1024x570.jpg\" alt=\"\" class=\"wp-image-1334\" srcset=\"https:\/\/emergenceislam.net\/wp-content\/uploads\/2022\/09\/IMG_20220918_093317-1024x570.jpg 1024w, https:\/\/emergenceislam.net\/wp-content\/uploads\/2022\/09\/IMG_20220918_093317-300x167.jpg 300w, https:\/\/emergenceislam.net\/wp-content\/uploads\/2022\/09\/IMG_20220918_093317-768x427.jpg 768w, https:\/\/emergenceislam.net\/wp-content\/uploads\/2022\/09\/IMG_20220918_093317-800x445.jpg 800w, https:\/\/emergenceislam.net\/wp-content\/uploads\/2022\/09\/IMG_20220918_093317-600x334.jpg 600w, https:\/\/emergenceislam.net\/wp-content\/uploads\/2022\/09\/IMG_20220918_093317.jpg 1080w\" sizes=\"auto, (max-width: 1024px) 100vw, 1024px\" \/><\/figure>\n\n\n\n<figure class=\"wp-block-image size-large\"><img loading=\"lazy\" decoding=\"async\" width=\"1024\" height=\"565\" src=\"http:\/\/emergenceislam.net\/wp-content\/uploads\/2022\/09\/IMG_20220918_093240-1024x565.jpg\" alt=\"\" class=\"wp-image-1335\" srcset=\"https:\/\/emergenceislam.net\/wp-content\/uploads\/2022\/09\/IMG_20220918_093240-1024x565.jpg 1024w, https:\/\/emergenceislam.net\/wp-content\/uploads\/2022\/09\/IMG_20220918_093240-300x166.jpg 300w, https:\/\/emergenceislam.net\/wp-content\/uploads\/2022\/09\/IMG_20220918_093240-768x424.jpg 768w, https:\/\/emergenceislam.net\/wp-content\/uploads\/2022\/09\/IMG_20220918_093240-600x331.jpg 600w, https:\/\/emergenceislam.net\/wp-content\/uploads\/2022\/09\/IMG_20220918_093240.jpg 1080w\" sizes=\"auto, (max-width: 1024px) 100vw, 1024px\" \/><\/figure>\n\n\n\n<figure class=\"wp-block-image size-large is-resized\"><img loading=\"lazy\" decoding=\"async\" src=\"http:\/\/emergenceislam.net\/wp-content\/uploads\/2022\/09\/FB_IMG_1663493272744-1024x576.jpg\" alt=\"\" class=\"wp-image-1336\" width=\"377\" height=\"212\" srcset=\"https:\/\/emergenceislam.net\/wp-content\/uploads\/2022\/09\/FB_IMG_1663493272744-1024x576.jpg 1024w, https:\/\/emergenceislam.net\/wp-content\/uploads\/2022\/09\/FB_IMG_1663493272744-300x169.jpg 300w, https:\/\/emergenceislam.net\/wp-content\/uploads\/2022\/09\/FB_IMG_1663493272744-768x432.jpg 768w, https:\/\/emergenceislam.net\/wp-content\/uploads\/2022\/09\/FB_IMG_1663493272744-600x338.jpg 600w, https:\/\/emergenceislam.net\/wp-content\/uploads\/2022\/09\/FB_IMG_1663493272744.jpg 1080w\" sizes=\"auto, (max-width: 377px) 100vw, 377px\" \/><\/figure>\n\n\n\n<p>Ce samedi 17 septembre 2022, nous avons eu l&rsquo;insigne honneur de participer \u00e0 la c\u00e9r\u00e9monie officielle d&rsquo;inauguration d&rsquo;une rue bitum\u00e9e au secteur 37 dans l&rsquo;arrondissement N\u00b09 de Ouagadougou.Ce joyau a \u00e9t\u00e9 offert par El Hadj Idrissa DIENDERE, PDG du groupe EDIF.Grand \u00a0\u00bbMERCI\u00a0\u00bb au Donateur et que Dieu le Tout Puissant approvisionne la source afin qu&rsquo;il puisse \u0153uvrer davantage dans les diff\u00e9rents chantiers de d\u00e9veloppement de notre cher Faso.Vivement que cet acte, hautement salutaire et dont la noblesse et l&rsquo;opportunit\u00e9 ne souffrent d&rsquo;aucune caution, inspire  les autres op\u00e9rateurs \u00e9conomiques et toutes les bonnes volont\u00e9 \u00e0 embo\u00eeter les pas de EL Hadj Idrissa DIENDERE en vue d&rsquo;am\u00e9liorer l&rsquo;offre en Infrastructures des Transports de notre capitale  et de notre pays. Comme quoi, chacun peut r\u00e9ellement apporter sa pierre, en fonction de son \u00ab\u00a0poids\u00a0\u00bb \u00e9conomique, \u00e0 l&rsquo;\u00e9dification d&rsquo;une Nation o\u00f9 il ferra bon vivre.<\/p>\n<!-- AddThis Advanced Settings generic via filter on the_content --><!-- AddThis Share Buttons generic via filter on the_content -->","protected":false},"excerpt":{"rendered":"<p>Ce samedi 17 septembre 2022, nous avons eu l&rsquo;insigne honneur de participer \u00e0 la c\u00e9r\u00e9monie officielle d&rsquo;inauguration d&rsquo;une rue bitum\u00e9e<!-- AddThis Advanced Settings generic via filter on get_the_excerpt --><!-- AddThis Share Buttons generic via filter on get_the_excerpt --><\/p>\n","protected":false},"author":2,"featured_media":1338,"comment_status":"open","ping_status":"open","sticky":false,"template":"","format":"standard","meta":{"colormag_page_container_layout":"default_layout","colormag_page_sidebar_layout":"default_layout","spay_email":"","footnotes":""},"categories":[18,86,44],"tags":[90],"class_list":["post-1333","post","type-post","status-publish","format-standard","has-post-thumbnail","hentry","category-actualite-afrique","category-actualite-internationale","category-emergence-islam-tv","tag-la-commune-de-ouagadougou-reconnaissante-envers-el-hadj-idrissa-diendere"],"jetpack_featured_media_url":"https:\/\/emergenceislam.net\/wp-content\/uploads\/2022\/09\/Capture-2022-09-19-17.39.15.jpg","_links":{"self":[{"href":"https:\/\/emergenceislam.net\/index.php\/wp-json\/wp\/v2\/posts\/1333","targetHints":{"allow":["GET"]}}],"collection":[{"href":"https:\/\/emergenceislam.net\/index.php\/wp-json\/wp\/v2\/posts"}],"about":[{"href":"https:\/\/emergenceislam.net\/index.php\/wp-json\/wp\/v2\/types\/post"}],"author":[{"embeddable":true,"href":"https:\/\/emergenceislam.net\/index.php\/wp-json\/wp\/v2\/users\/2"}],"replies":[{"embeddable":true,"href":"https:\/\/emergenceislam.net\/index.php\/wp-json\/wp\/v2\/comments?post=1333"}],"version-history":[{"count":1,"href":"https:\/\/emergenceislam.net\/index.php\/wp-json\/wp\/v2\/posts\/1333\/revisions"}],"predecessor-version":[{"id":1337,"href":"https:\/\/emergenceislam.net\/index.php\/wp-json\/wp\/v2\/posts\/1333\/revisions\/1337"}],"wp:featuredmedia":[{"embeddable":true,"href":"https:\/\/emergenceislam.net\/index.php\/wp-json\/wp\/v2\/media\/1338"}],"wp:attachment":[{"href":"https:\/\/emergenceislam.net\/index.php\/wp-json\/wp\/v2\/media?parent=1333"}],"wp:term":[{"taxonomy":"category","embeddable":true,"href":"https:\/\/emergenceislam.net\/index.php\/wp-json\/wp\/v2\/categories?post=1333"},{"taxonomy":"post_tag","embeddable":true,"href":"https:\/\/emergenceislam.net\/index.php\/wp-json\/wp\/v2\/tags?post=1333"}],"curies":[{"name":"wp","href":"https:\/\/api.w.org\/{rel}","templated":true}]}}